{"id":15980,"date":"2022-05-25T13:51:05","date_gmt":"2022-05-25T17:51:05","guid":{"rendered":"https:\/\/makingyourwayup.com\/?p=15980"},"modified":"2025-05-14T10:32:10","modified_gmt":"2025-05-14T14:32:10","slug":"the-truth-is-the-emotional-tax-is-real","status":"publish","type":"post","link":"https:\/\/sayaspora.com\/en\/the-truth-is-the-emotional-tax-is-real\/","title":{"rendered":"The truth is: the emotional tax is real\u00a0"},"content":{"rendered":"&#13;\n<blockquote class=\"wp-block-quote is-layout-flow wp-block-quote-is-layout-flow\">&#13;\n<p>&#8220;J&#8217;ai toujours voulu travailler.&#8221;\u00a0<\/p>&#13;\n<\/blockquote>&#13;\n&#13;\n<p class=\"wp-block-paragraph\">Alicia Lashley, a toujours envisag\u00e9 d\u2019exercer un emploi qui serait \u00e9panouissant et passionnant. L&#8217;une des raisons derri\u00e8re la priorisation de ces deux aspects, \u00e9tait de voir ses parents travailler de 9h \u00e0 17h dans leurs emplois gouvernementaux.\u00a0<\/p>&#13;\n&#13;\n<p class=\"wp-block-paragraph\">Lorsqu&#8217;il s&#8217;agit de perspectives d&#8217;emploi futurs, nos parents peuvent jouer un r\u00f4le \u00e9norme dans le processus. Cela commence souvent par ce que nous choisissons d&#8217;\u00e9tudier.\u00a0<\/p>&#13;\n&#13;\n<p class=\"wp-block-paragraph\">Et, m\u00eame avant cela, nous pouvons observer comment ils \u00e9voluent dans leur travail avant de vraiment comprendre ce que cela signifie.\u00a0<\/p>&#13;\n&#13;\n<p class=\"wp-block-paragraph\">Certains parents parlent carr\u00e9ment \u00e0 leurs enfants dans l\u2019optique d\u2019amoindrir leurs attentes envers le monde du travail. De nombreux enfants afro-canadiens peuvent attester avoir entendu, au moins une fois dans leur vie, leurs parents dire :<\/p>&#13;\n&#13;\n<blockquote class=\"wp-block-quote is-layout-flow wp-block-quote-is-layout-flow\">&#13;\n<p>&#8220;Tu dois travailler deux fois plus dur pour arriver \u00e0 la moiti\u00e9 du chemin.&#8221;\u00a0<\/p>&#13;\n<\/blockquote>&#13;\n&#13;\n<p class=\"wp-block-paragraph\">Ayant navigu\u00e9 le syst\u00e8me, ils savaient clairement comment ce dernier\u00a0 pouvait \u00eatre envers toutes celles et ceux qui ne r\u00e9pondent pas \u00e0 la norme arbitraire.\u00a0<\/p>&#13;\n&#13;\n<p class=\"wp-block-paragraph\">Mais parfois, nos parents influencent la fa\u00e7on dont nous &#8211; la prochaine g\u00e9n\u00e9ration &#8211; naviguons dans le monde du travail, surtout lorsqu&#8217;il s&#8217;agit de faire face au racisme au travail.\u00a0<\/p>&#13;\n&#13;\n<p class=\"wp-block-paragraph\">En tant que coordinatrice de partenariat de niveau interm\u00e9diaire, avant d&#8217;entrer dans la vie active, Alicia aimait l&#8217;id\u00e9e de travailler. Aujourd&#8217;hui, apr\u00e8s de nombreuses ann\u00e9es dans divers domaines, elle d\u00e9clare : &#8221; Je pense que [le travail] exige beaucoup plus d&#8217;\u00e9nergie mentale et physique que je ne l&#8217;aurais jamais imagin\u00e9. &#8221;\u00a0<\/p>&#13;\n&#13;\n<p class=\"wp-block-paragraph\">Cela peut \u00eatre d\u00fb en partie \u00e0 la <strong><a href=\"https:\/\/www.catalyst.org\/wp-content\/uploads\/2019\/02\/emotionaltax.pdf\" target=\"_blank\" rel=\"noreferrer noopener\">taxe \u00e9motionnelle<\/a><\/strong> \u00e0 laquelle Alicia est confront\u00e9e dans ses interactions quotidiennes avec son patron ou par rapport aux relations qu&#8217;elle entretient avec ses coll\u00e8gues et ses clients. Une taxe \u00e9motionnelle est d\u00e9finie comme &#8220;l&#8217;exp\u00e9rience accrue d&#8217;\u00eatre trait\u00e9 diff\u00e9remment de ses pairs en raison de sa race, de son origine ethnique ou de son sexe, ce qui a des effets n\u00e9fastes sur la sant\u00e9, provoque un sentiment d&#8217;isolement et rend difficile l&#8217;\u00e9panouissement au travail&#8221;. Selon une <a href=\"https:\/\/www.catalyst.org\/wp-content\/uploads\/2019\/02\/emotionaltax.pdf\" target=\"_blank\" rel=\"noreferrer noopener\">enqu\u00eate<\/a> de Catalyst, pr\u00e8s de 60% des femmes de couleur ont fait l&#8217;exp\u00e9rience de cette charge.\u00a0\u00a0<\/p>&#13;\n&#13;\n<p class=\"wp-block-paragraph\">&#8220;J&#8217;ai une mauvaise relation avec mon patron. Je crois qu&#8217;il y a eu un peu de racisme de la part de mon patron&#8230;.. J&#8217;ai une relation amicale avec mes coll\u00e8gues mais je suis beaucoup plus proche de mes clients et partenaires&#8221;, dit-elle.\u00a0<\/p>&#13;\n&#13;\n<p class=\"wp-block-paragraph\">Alicia n&#8217;a pas grandi en parlant de racisme et de pr\u00e9jug\u00e9s avec ses parents. &#8220;J&#8217;ai simplement grandi en embrassant ma culture en tant que Canadienne noire carib\u00e9enne&#8221;, partage-t-elle. En ce qui concerne le point de vue de ses parents sur la fa\u00e7on de naviguer sur le march\u00e9 du travail, elle dit qu&#8217;ils l&#8217;ont &#8220;surtout encourag\u00e9e \u00e0 \u00eatre elle-m\u00eame et \u00e0 travailler fort&#8221;.\u00a0<\/p>&#13;\n&#13;\n<p class=\"wp-block-paragraph\">Bien qu&#8217;Alicia ait d\u00fb faire face au fait que son patron la jugeait intimidante simplement en raison de son \u00e9thique de travail, elle esp\u00e8re qu&#8217;un jour toutes les races seront trait\u00e9es de la m\u00eame fa\u00e7on et que les diff\u00e9rentes cultures seront accept\u00e9es&#8230; au travail et en dehors.\u00a0<\/p>&#13;\n<p>\u00a0<\/p>&#13;\n&#13;\n<p class=\"has-text-align-center has-medium-font-size wp-block-paragraph\"><mark class=\"has-inline-color has-text-link-color\" style=\"background-color: rgba(0, 0, 0, 0);\"><strong>BIBLIOGRAPHIE<\/strong>\u00a0<\/mark><\/p>&#13;\n&#13;\n<p class=\"wp-block-paragraph\">Dnika, J. Travis, Jennifer Thorpe-Moscon, and Courtney McCluney, <em>Emotional Tax: How Black Women and Men Pay More at Work and How Leaders Can Take Action <\/em>(Catalyst, 2016). <a href=\"https:\/\/www.catalyst.org\/wp-content\/uploads\/2019\/02\/emotionaltax.pdf\" target=\"_blank\" rel=\"noreferrer noopener\">https:\/\/www.catalyst.org\/wp-content\/uploads\/2019\/02\/emotionaltax.pdf<\/a>\u00a0<\/p>&#13;\n","protected":false},"excerpt":{"rendered":"<p>For Alicia Lashley, she always envisioned working a job that would be fulfilling for her. One of the reasons she searched for any and all opportunities that could fulfill her was due to witnessing her parents working 9-5s in their governmental jobs<\/p>\n","protected":false},"author":4,"featured_media":15109,"comment_status":"open","ping_status":"open","sticky":false,"template":"","format":"video","meta":{"_acf_changed":false,"footnotes":"","_members_access_role":[],"_members_access_error":""},"categories":[237],"tags":[],"couleur":[],"etiquette-darchives":[],"type-de-ressource":[306,307],"class_list":["post-15980","post","type-post","status-publish","format-video","has-post-thumbnail","hentry","category-other-resources","post_format-post-format-video","type-de-ressource-canadian-employer","type-de-ressource-woman-of-the-african-or-caribbean-diaspora"],"acf":[],"yoast_head":"<!-- This site is optimized with the Yoast SEO plugin v28.4 - https:\/\/yoast.com\/product\/yoast-seo-wordpress\/ -->\n<title>The truth is: the emotional tax is real\u00a0 - Sayaspora<\/title>\n<meta name=\"robots\" content=\"index, follow, max-snippet:-1, max-image-preview:large, max-video-preview:-1\" \/>\n<link rel=\"canonical\" href=\"https:\/\/sayaspora.com\/en\/the-truth-is-the-emotional-tax-is-real\/\" \/>\n<meta property=\"og:locale\" content=\"en_US\" \/>\n<meta property=\"og:type\" content=\"article\" \/>\n<meta property=\"og:title\" content=\"The truth is: the emotional tax is real\u00a0 - Sayaspora\" \/>\n<meta property=\"og:description\" content=\"For Alicia Lashley, she always envisioned working a job that would be fulfilling for her. One of the reasons she searched for any and all opportunities that could fulfill her was due to witnessing her parents working 9-5s in their governmental jobs\" \/>\n<meta property=\"og:url\" content=\"https:\/\/sayaspora.com\/en\/the-truth-is-the-emotional-tax-is-real\/\" \/>\n<meta property=\"og:site_name\" content=\"Sayaspora\" \/>\n<meta property=\"article:published_time\" content=\"2022-05-25T17:51:05+00:00\" \/>\n<meta property=\"article:modified_time\" content=\"2025-05-14T14:32:10+00:00\" \/>\n<meta property=\"og:image\" content=\"https:\/\/sayaspora.com\/wp-content\/uploads\/2022\/05\/taxe-emotionelle.jpg\" \/>\n\t<meta property=\"og:image:width\" content=\"2000\" \/>\n\t<meta property=\"og:image:height\" content=\"1333\" \/>\n\t<meta property=\"og:image:type\" content=\"image\/jpeg\" \/>\n<meta name=\"author\" content=\"Sayaspora\" \/>\n<meta name=\"twitter:card\" content=\"summary_large_image\" \/>\n<meta name=\"twitter:label1\" content=\"Written by\" \/>\n\t<meta name=\"twitter:data1\" content=\"Sayaspora\" \/>\n\t<meta name=\"twitter:label2\" content=\"Est. reading time\" \/>\n\t<meta name=\"twitter:data2\" content=\"3 minutes\" \/>\n<script type=\"application\/ld+json\" class=\"yoast-schema-graph\">{\"@context\":\"https:\\\/\\\/schema.org\",\"@graph\":[{\"@type\":\"Article\",\"@id\":\"https:\\\/\\\/sayaspora.com\\\/en\\\/the-truth-is-the-emotional-tax-is-real\\\/#article\",\"isPartOf\":{\"@id\":\"https:\\\/\\\/sayaspora.com\\\/en\\\/the-truth-is-the-emotional-tax-is-real\\\/\"},\"author\":{\"name\":\"Sayaspora\",\"@id\":\"https:\\\/\\\/sayaspora.com\\\/en\\\/#\\\/schema\\\/person\\\/56c3a3e6629b2afd11635353397d0179\"},\"headline\":\"The truth is: the emotional tax is real\u00a0\",\"datePublished\":\"2022-05-25T17:51:05+00:00\",\"dateModified\":\"2025-05-14T14:32:10+00:00\",\"mainEntityOfPage\":{\"@id\":\"https:\\\/\\\/sayaspora.com\\\/en\\\/the-truth-is-the-emotional-tax-is-real\\\/\"},\"wordCount\":590,\"commentCount\":0,\"publisher\":{\"@id\":\"https:\\\/\\\/sayaspora.com\\\/en\\\/#organization\"},\"image\":{\"@id\":\"https:\\\/\\\/sayaspora.com\\\/en\\\/the-truth-is-the-emotional-tax-is-real\\\/#primaryimage\"},\"thumbnailUrl\":\"https:\\\/\\\/sayaspora.com\\\/wp-content\\\/uploads\\\/2022\\\/05\\\/taxe-emotionelle.jpg\",\"articleSection\":[\"Other resources\"],\"inLanguage\":\"en-US\",\"potentialAction\":[{\"@type\":\"CommentAction\",\"name\":\"Comment\",\"target\":[\"https:\\\/\\\/sayaspora.com\\\/en\\\/the-truth-is-the-emotional-tax-is-real\\\/#respond\"]}]},{\"@type\":\"WebPage\",\"@id\":\"https:\\\/\\\/sayaspora.com\\\/en\\\/the-truth-is-the-emotional-tax-is-real\\\/\",\"url\":\"https:\\\/\\\/sayaspora.com\\\/en\\\/the-truth-is-the-emotional-tax-is-real\\\/\",\"name\":\"The truth is: the emotional tax is real\u00a0 - Sayaspora\",\"isPartOf\":{\"@id\":\"https:\\\/\\\/sayaspora.com\\\/en\\\/#website\"},\"primaryImageOfPage\":{\"@id\":\"https:\\\/\\\/sayaspora.com\\\/en\\\/the-truth-is-the-emotional-tax-is-real\\\/#primaryimage\"},\"image\":{\"@id\":\"https:\\\/\\\/sayaspora.com\\\/en\\\/the-truth-is-the-emotional-tax-is-real\\\/#primaryimage\"},\"thumbnailUrl\":\"https:\\\/\\\/sayaspora.com\\\/wp-content\\\/uploads\\\/2022\\\/05\\\/taxe-emotionelle.jpg\",\"datePublished\":\"2022-05-25T17:51:05+00:00\",\"dateModified\":\"2025-05-14T14:32:10+00:00\",\"breadcrumb\":{\"@id\":\"https:\\\/\\\/sayaspora.com\\\/en\\\/the-truth-is-the-emotional-tax-is-real\\\/#breadcrumb\"},\"inLanguage\":\"en-US\",\"potentialAction\":[{\"@type\":\"ReadAction\",\"target\":[\"https:\\\/\\\/sayaspora.com\\\/en\\\/the-truth-is-the-emotional-tax-is-real\\\/\"]}]},{\"@type\":\"ImageObject\",\"inLanguage\":\"en-US\",\"@id\":\"https:\\\/\\\/sayaspora.com\\\/en\\\/the-truth-is-the-emotional-tax-is-real\\\/#primaryimage\",\"url\":\"https:\\\/\\\/sayaspora.com\\\/wp-content\\\/uploads\\\/2022\\\/05\\\/taxe-emotionelle.jpg\",\"contentUrl\":\"https:\\\/\\\/sayaspora.com\\\/wp-content\\\/uploads\\\/2022\\\/05\\\/taxe-emotionelle.jpg\",\"width\":2000,\"height\":1333},{\"@type\":\"BreadcrumbList\",\"@id\":\"https:\\\/\\\/sayaspora.com\\\/en\\\/the-truth-is-the-emotional-tax-is-real\\\/#breadcrumb\",\"itemListElement\":[{\"@type\":\"ListItem\",\"position\":1,\"name\":\"Accueil\",\"item\":\"https:\\\/\\\/sayaspora.com\\\/en\\\/home\\\/\"},{\"@type\":\"ListItem\",\"position\":2,\"name\":\"The truth is: the emotional tax is real\u00a0\"}]},{\"@type\":\"WebSite\",\"@id\":\"https:\\\/\\\/sayaspora.com\\\/en\\\/#website\",\"url\":\"https:\\\/\\\/sayaspora.com\\\/en\\\/\",\"name\":\"Sayaspora\",\"description\":\"\",\"publisher\":{\"@id\":\"https:\\\/\\\/sayaspora.com\\\/en\\\/#organization\"},\"potentialAction\":[{\"@type\":\"SearchAction\",\"target\":{\"@type\":\"EntryPoint\",\"urlTemplate\":\"https:\\\/\\\/sayaspora.com\\\/en\\\/?s={search_term_string}\"},\"query-input\":{\"@type\":\"PropertyValueSpecification\",\"valueRequired\":true,\"valueName\":\"search_term_string\"}}],\"inLanguage\":\"en-US\"},{\"@type\":\"Organization\",\"@id\":\"https:\\\/\\\/sayaspora.com\\\/en\\\/#organization\",\"name\":\"Sayaspora\",\"url\":\"https:\\\/\\\/sayaspora.com\\\/en\\\/\",\"logo\":{\"@type\":\"ImageObject\",\"inLanguage\":\"en-US\",\"@id\":\"https:\\\/\\\/sayaspora.com\\\/en\\\/#\\\/schema\\\/logo\\\/image\\\/\",\"url\":\"https:\\\/\\\/sayaspora.com\\\/wp-content\\\/uploads\\\/2024\\\/01\\\/logo-marron-sur-fond-beige-sayaspora-2.png\",\"contentUrl\":\"https:\\\/\\\/sayaspora.com\\\/wp-content\\\/uploads\\\/2024\\\/01\\\/logo-marron-sur-fond-beige-sayaspora-2.png\",\"width\":696,\"height\":696,\"caption\":\"Sayaspora\"},\"image\":{\"@id\":\"https:\\\/\\\/sayaspora.com\\\/en\\\/#\\\/schema\\\/logo\\\/image\\\/\"}},{\"@type\":\"Person\",\"@id\":\"https:\\\/\\\/sayaspora.com\\\/en\\\/#\\\/schema\\\/person\\\/56c3a3e6629b2afd11635353397d0179\",\"name\":\"Sayaspora\",\"image\":{\"@type\":\"ImageObject\",\"inLanguage\":\"en-US\",\"@id\":\"https:\\\/\\\/secure.gravatar.com\\\/avatar\\\/0d834b942ede2d33bfff5af1fa9bfaaff5818c333be0c9d13db9bb285b8863c3?s=96&d=mm&r=g\",\"url\":\"https:\\\/\\\/secure.gravatar.com\\\/avatar\\\/0d834b942ede2d33bfff5af1fa9bfaaff5818c333be0c9d13db9bb285b8863c3?s=96&d=mm&r=g\",\"contentUrl\":\"https:\\\/\\\/secure.gravatar.com\\\/avatar\\\/0d834b942ede2d33bfff5af1fa9bfaaff5818c333be0c9d13db9bb285b8863c3?s=96&d=mm&r=g\",\"caption\":\"Sayaspora\"}}]}<\/script>\n<!-- \/ Yoast SEO plugin. -->","yoast_head_json":{"title":"The truth is: the emotional tax is real\u00a0 - Sayaspora","robots":{"index":"index","follow":"follow","max-snippet":"max-snippet:-1","max-image-preview":"max-image-preview:large","max-video-preview":"max-video-preview:-1"},"canonical":"https:\/\/sayaspora.com\/en\/the-truth-is-the-emotional-tax-is-real\/","og_locale":"en_US","og_type":"article","og_title":"The truth is: the emotional tax is real\u00a0 - Sayaspora","og_description":"For Alicia Lashley, she always envisioned working a job that would be fulfilling for her. One of the reasons she searched for any and all opportunities that could fulfill her was due to witnessing her parents working 9-5s in their governmental jobs","og_url":"https:\/\/sayaspora.com\/en\/the-truth-is-the-emotional-tax-is-real\/","og_site_name":"Sayaspora","article_published_time":"2022-05-25T17:51:05+00:00","article_modified_time":"2025-05-14T14:32:10+00:00","og_image":[{"width":2000,"height":1333,"url":"https:\/\/sayaspora.com\/wp-content\/uploads\/2022\/05\/taxe-emotionelle.jpg","type":"image\/jpeg"}],"author":"Sayaspora","twitter_card":"summary_large_image","twitter_misc":{"Written by":"Sayaspora","Est. reading time":"3 minutes"},"schema":{"@context":"https:\/\/schema.org","@graph":[{"@type":"Article","@id":"https:\/\/sayaspora.com\/en\/the-truth-is-the-emotional-tax-is-real\/#article","isPartOf":{"@id":"https:\/\/sayaspora.com\/en\/the-truth-is-the-emotional-tax-is-real\/"},"author":{"name":"Sayaspora","@id":"https:\/\/sayaspora.com\/en\/#\/schema\/person\/56c3a3e6629b2afd11635353397d0179"},"headline":"The truth is: the emotional tax is real\u00a0","datePublished":"2022-05-25T17:51:05+00:00","dateModified":"2025-05-14T14:32:10+00:00","mainEntityOfPage":{"@id":"https:\/\/sayaspora.com\/en\/the-truth-is-the-emotional-tax-is-real\/"},"wordCount":590,"commentCount":0,"publisher":{"@id":"https:\/\/sayaspora.com\/en\/#organization"},"image":{"@id":"https:\/\/sayaspora.com\/en\/the-truth-is-the-emotional-tax-is-real\/#primaryimage"},"thumbnailUrl":"https:\/\/sayaspora.com\/wp-content\/uploads\/2022\/05\/taxe-emotionelle.jpg","articleSection":["Other resources"],"inLanguage":"en-US","potentialAction":[{"@type":"CommentAction","name":"Comment","target":["https:\/\/sayaspora.com\/en\/the-truth-is-the-emotional-tax-is-real\/#respond"]}]},{"@type":"WebPage","@id":"https:\/\/sayaspora.com\/en\/the-truth-is-the-emotional-tax-is-real\/","url":"https:\/\/sayaspora.com\/en\/the-truth-is-the-emotional-tax-is-real\/","name":"The truth is: the emotional tax is real\u00a0 - Sayaspora","isPartOf":{"@id":"https:\/\/sayaspora.com\/en\/#website"},"primaryImageOfPage":{"@id":"https:\/\/sayaspora.com\/en\/the-truth-is-the-emotional-tax-is-real\/#primaryimage"},"image":{"@id":"https:\/\/sayaspora.com\/en\/the-truth-is-the-emotional-tax-is-real\/#primaryimage"},"thumbnailUrl":"https:\/\/sayaspora.com\/wp-content\/uploads\/2022\/05\/taxe-emotionelle.jpg","datePublished":"2022-05-25T17:51:05+00:00","dateModified":"2025-05-14T14:32:10+00:00","breadcrumb":{"@id":"https:\/\/sayaspora.com\/en\/the-truth-is-the-emotional-tax-is-real\/#breadcrumb"},"inLanguage":"en-US","potentialAction":[{"@type":"ReadAction","target":["https:\/\/sayaspora.com\/en\/the-truth-is-the-emotional-tax-is-real\/"]}]},{"@type":"ImageObject","inLanguage":"en-US","@id":"https:\/\/sayaspora.com\/en\/the-truth-is-the-emotional-tax-is-real\/#primaryimage","url":"https:\/\/sayaspora.com\/wp-content\/uploads\/2022\/05\/taxe-emotionelle.jpg","contentUrl":"https:\/\/sayaspora.com\/wp-content\/uploads\/2022\/05\/taxe-emotionelle.jpg","width":2000,"height":1333},{"@type":"BreadcrumbList","@id":"https:\/\/sayaspora.com\/en\/the-truth-is-the-emotional-tax-is-real\/#breadcrumb","itemListElement":[{"@type":"ListItem","position":1,"name":"Accueil","item":"https:\/\/sayaspora.com\/en\/home\/"},{"@type":"ListItem","position":2,"name":"The truth is: the emotional tax is real\u00a0"}]},{"@type":"WebSite","@id":"https:\/\/sayaspora.com\/en\/#website","url":"https:\/\/sayaspora.com\/en\/","name":"Sayaspora","description":"","publisher":{"@id":"https:\/\/sayaspora.com\/en\/#organization"},"potentialAction":[{"@type":"SearchAction","target":{"@type":"EntryPoint","urlTemplate":"https:\/\/sayaspora.com\/en\/?s={search_term_string}"},"query-input":{"@type":"PropertyValueSpecification","valueRequired":true,"valueName":"search_term_string"}}],"inLanguage":"en-US"},{"@type":"Organization","@id":"https:\/\/sayaspora.com\/en\/#organization","name":"Sayaspora","url":"https:\/\/sayaspora.com\/en\/","logo":{"@type":"ImageObject","inLanguage":"en-US","@id":"https:\/\/sayaspora.com\/en\/#\/schema\/logo\/image\/","url":"https:\/\/sayaspora.com\/wp-content\/uploads\/2024\/01\/logo-marron-sur-fond-beige-sayaspora-2.png","contentUrl":"https:\/\/sayaspora.com\/wp-content\/uploads\/2024\/01\/logo-marron-sur-fond-beige-sayaspora-2.png","width":696,"height":696,"caption":"Sayaspora"},"image":{"@id":"https:\/\/sayaspora.com\/en\/#\/schema\/logo\/image\/"}},{"@type":"Person","@id":"https:\/\/sayaspora.com\/en\/#\/schema\/person\/56c3a3e6629b2afd11635353397d0179","name":"Sayaspora","image":{"@type":"ImageObject","inLanguage":"en-US","@id":"https:\/\/secure.gravatar.com\/avatar\/0d834b942ede2d33bfff5af1fa9bfaaff5818c333be0c9d13db9bb285b8863c3?s=96&d=mm&r=g","url":"https:\/\/secure.gravatar.com\/avatar\/0d834b942ede2d33bfff5af1fa9bfaaff5818c333be0c9d13db9bb285b8863c3?s=96&d=mm&r=g","contentUrl":"https:\/\/secure.gravatar.com\/avatar\/0d834b942ede2d33bfff5af1fa9bfaaff5818c333be0c9d13db9bb285b8863c3?s=96&d=mm&r=g","caption":"Sayaspora"}}]}},"_links":{"self":[{"href":"https:\/\/sayaspora.com\/en\/wp-json\/wp\/v2\/posts\/15980","targetHints":{"allow":["GET"]}}],"collection":[{"href":"https:\/\/sayaspora.com\/en\/wp-json\/wp\/v2\/posts"}],"about":[{"href":"https:\/\/sayaspora.com\/en\/wp-json\/wp\/v2\/types\/post"}],"author":[{"embeddable":true,"href":"https:\/\/sayaspora.com\/en\/wp-json\/wp\/v2\/users\/4"}],"replies":[{"embeddable":true,"href":"https:\/\/sayaspora.com\/en\/wp-json\/wp\/v2\/comments?post=15980"}],"version-history":[{"count":2,"href":"https:\/\/sayaspora.com\/en\/wp-json\/wp\/v2\/posts\/15980\/revisions"}],"predecessor-version":[{"id":107817,"href":"https:\/\/sayaspora.com\/en\/wp-json\/wp\/v2\/posts\/15980\/revisions\/107817"}],"wp:featuredmedia":[{"embeddable":true,"href":"https:\/\/sayaspora.com\/en\/wp-json\/wp\/v2\/media\/15109"}],"wp:attachment":[{"href":"https:\/\/sayaspora.com\/en\/wp-json\/wp\/v2\/media?parent=15980"}],"wp:term":[{"taxonomy":"category","embeddable":true,"href":"https:\/\/sayaspora.com\/en\/wp-json\/wp\/v2\/categories?post=15980"},{"taxonomy":"post_tag","embeddable":true,"href":"https:\/\/sayaspora.com\/en\/wp-json\/wp\/v2\/tags?post=15980"},{"taxonomy":"couleur","embeddable":true,"href":"https:\/\/sayaspora.com\/en\/wp-json\/wp\/v2\/couleur?post=15980"},{"taxonomy":"etiquette-darchives","embeddable":true,"href":"https:\/\/sayaspora.com\/en\/wp-json\/wp\/v2\/etiquette-darchives?post=15980"},{"taxonomy":"type-de-ressource","embeddable":true,"href":"https:\/\/sayaspora.com\/en\/wp-json\/wp\/v2\/type-de-ressource?post=15980"}],"curies":[{"name":"wp","href":"https:\/\/api.w.org\/{rel}","templated":true}]}}